{"id":115,"date":"2025-10-28T18:40:37","date_gmt":"2025-10-28T17:40:37","guid":{"rendered":"https:\/\/chiesadisassari.it\/cristorisorto\/?p=115"},"modified":"2025-10-28T18:40:50","modified_gmt":"2025-10-28T17:40:50","slug":"sconvolti-e-risorti","status":"publish","type":"post","link":"https:\/\/chiesadisassari.it\/cristorisorto\/?p=115","title":{"rendered":"Sconvolti e&#8230; risorti!"},"content":{"rendered":"\n<p>La notizia del furto sacrilego che ha subito la nostra parrocchia lo scorso <strong>24 agosto<\/strong> si \u00e8 diffusa presto e velocemente,  superando i confini della nostra Citt\u00e0, della nostra Diocesi, sino a raggiungere i mezzi di comunicazione nazionali. L&#8217;inizio di quell&#8217;ultima settimana di agosto \u00e8 stato difficile, gravoso e triste, ma repentinamente ci siamo risollevati, riorganizzando le nostre energie intorno alla Fede che non ha mai vacillato, alla solidariet\u00e0 che non si \u00e8 mai nascosta, alla creativit\u00e0 che da sempre ci caratterizza. Ora siamo vicini all&#8217;inaugurazione del nuovo <strong>tabernacolo<\/strong>, accompagnata da quella del <strong>fonte battesimale <\/strong>a corredo e che dovrebbero mettere fine alla possibilit\u00e0 che un evento tanto sciagurato e doloroso si possa ripetere in futuro. Sono serviti numerosi giorni di faticoso lavoro di progettazione, di realizzazione dell&#8217;opera muraria, dei rivestimenti lapidei, delle parti di falegnameria e delle sculture che abbelliranno queste due opere.<\/p>\n\n\n\n<p>Prossimamente comunicheremo la data della Celebrazione eucaristica che accoglier\u00e0 i <strong>Riti di benedizione<\/strong> delle due opere e quindi sostituire al rammarico di ci\u00f2 che era perduto la gioia di un nuovo inizio!<\/p>\n\n\n\n<p>Anticipo qui qualche scatto del cantiere, rinviando a prestissimo il lungo elenco di doverosi ringraziamenti che \u00e8 mio dovere esprimere a chi ha reso possibile questa impresa.<\/p>\n\n\n\n<p class=\"has-text-align-right\"><em>don Michele Murgia<\/em><\/p>\n\n\n\n<figure class=\"wp-block-image size-large\"><img loading=\"lazy\" decoding=\"async\" width=\"683\" height=\"1024\" src=\"https:\/\/chiesadisassari.it\/cristorisorto\/wp-content\/uploads\/2025\/10\/IMG_6434-683x1024.jpg\" alt=\"\" class=\"wp-image-125\" srcset=\"https:\/\/chiesadisassari.it\/cristorisorto\/wp-content\/uploads\/2025\/10\/IMG_6434-683x1024.jpg 683w, https:\/\/chiesadisassari.it\/cristorisorto\/wp-content\/uploads\/2025\/10\/IMG_6434-200x300.jpg 200w, https:\/\/chiesadisassari.it\/cristorisorto\/wp-content\/uploads\/2025\/10\/IMG_6434-768x1152.jpg 768w, https:\/\/chiesadisassari.it\/cristorisorto\/wp-content\/uploads\/2025\/10\/IMG_6434-892x1338.jpg 892w, https:\/\/chiesadisassari.it\/cristorisorto\/wp-content\/uploads\/2025\/10\/IMG_6434.jpg 1000w\" sizes=\"auto, (max-width: 683px) 100vw, 683px\" \/><\/figure>\n","protected":false},"excerpt":{"rendered":"<p>La notizia del furto sacrilego che ha subito la nostra parrocchia lo scorso 24 agosto si \u00e8 diffusa presto e velocemente, superando i confini della nostra Citt\u00e0, della nostra Diocesi, sino a raggiungere i mezzi di comunicazione nazionali. L&#8217;inizio di quell&#8217;ultima settimana di agosto \u00e8 stato difficile, gravoso e triste, ma repentinamente ci siamo risollevati, [&hellip;]<\/p>\n","protected":false},"author":1,"featured_media":0,"comment_status":"closed","ping_status":"open","sticky":false,"template":"","format":"standard","meta":{"footnotes":""},"categories":[5],"tags":[],"class_list":["post-115","post","type-post","status-publish","format-standard","hentry","category-comunicazioni"],"_links":{"self":[{"href":"https:\/\/chiesadisassari.it\/cristorisorto\/index.php?rest_route=\/wp\/v2\/posts\/115","targetHints":{"allow":["GET"]}}],"collection":[{"href":"https:\/\/chiesadisassari.it\/cristorisorto\/index.php?rest_route=\/wp\/v2\/posts"}],"about":[{"href":"https:\/\/chiesadisassari.it\/cristorisorto\/index.php?rest_route=\/wp\/v2\/types\/post"}],"author":[{"embeddable":true,"href":"https:\/\/chiesadisassari.it\/cristorisorto\/index.php?rest_route=\/wp\/v2\/users\/1"}],"replies":[{"embeddable":true,"href":"https:\/\/chiesadisassari.it\/cristorisorto\/index.php?rest_route=%2Fwp%2Fv2%2Fcomments&post=115"}],"version-history":[{"count":2,"href":"https:\/\/chiesadisassari.it\/cristorisorto\/index.php?rest_route=\/wp\/v2\/posts\/115\/revisions"}],"predecessor-version":[{"id":126,"href":"https:\/\/chiesadisassari.it\/cristorisorto\/index.php?rest_route=\/wp\/v2\/posts\/115\/revisions\/126"}],"wp:attachment":[{"href":"https:\/\/chiesadisassari.it\/cristorisorto\/index.php?rest_route=%2Fwp%2Fv2%2Fmedia&parent=115"}],"wp:term":[{"taxonomy":"category","embeddable":true,"href":"https:\/\/chiesadisassari.it\/cristorisorto\/index.php?rest_route=%2Fwp%2Fv2%2Fcategories&post=115"},{"taxonomy":"post_tag","embeddable":true,"href":"https:\/\/chiesadisassari.it\/cristorisorto\/index.php?rest_route=%2Fwp%2Fv2%2Ftags&post=115"}],"curies":[{"name":"wp","href":"https:\/\/api.w.org\/{rel}","templated":true}]}}